{"id":35395,"date":"2026-05-01T12:26:17","date_gmt":"2026-05-01T10:26:17","guid":{"rendered":"https:\/\/www.slovackio.vilniausr.lm.lt\/?p=35395"},"modified":"2026-05-01T12:41:55","modified_gmt":"2026-05-01T10:41:55","slug":"solidarumo-pamoka-gimnazijos-pedagogai-prisijunge-prie-dzinsu-dienos-iniciatyvos","status":"publish","type":"post","link":"https:\/\/www.slovackio.vilniausr.lm.lt\/?p=35395","title":{"rendered":"Solidarumo pamoka: Gimnazijos pedagogai prisijung\u0117 prie \u201eD\u017eins\u0173 dienos\u201c iniciatyvos"},"content":{"rendered":"<p><\/p>\n<p class=\"MsoNormal\" style=\"margin-bottom: 0cm; text-align: justify; line-height: 18.0pt; background: white;\"><span style=\"font-size: 12.0pt; font-family: 'Times New Roman',serif; mso-fareast-font-family: 'Times New Roman'; color: #0a0a0a; mso-font-kerning: 0pt; mso-ligatures: none; mso-fareast-language: RU;\"><a href=\"https:\/\/www.slovackio.vilniausr.lm.lt\/wp-content\/uploads\/Messenger_creation_DAB7AC33-A221-4548-807F-A27B918BF6CA.jpg\" rel=\"lightbox[35395]\"><img loading=\"lazy\" decoding=\"async\" class=\"alignleft size-medium wp-image-35401\" src=\"https:\/\/www.slovackio.vilniausr.lm.lt\/wp-content\/uploads\/Messenger_creation_DAB7AC33-A221-4548-807F-A27B918BF6CA-225x300.jpg\" alt=\"\" width=\"225\" height=\"300\" srcset=\"https:\/\/www.slovackio.vilniausr.lm.lt\/wp-content\/uploads\/Messenger_creation_DAB7AC33-A221-4548-807F-A27B918BF6CA-225x300.jpg 225w, https:\/\/www.slovackio.vilniausr.lm.lt\/wp-content\/uploads\/Messenger_creation_DAB7AC33-A221-4548-807F-A27B918BF6CA-768x1024.jpg 768w, https:\/\/www.slovackio.vilniausr.lm.lt\/wp-content\/uploads\/Messenger_creation_DAB7AC33-A221-4548-807F-A27B918BF6CA.jpg 1086w\" sizes=\"auto, (max-width: 225px) 100vw, 225px\" \/><\/a>Gimnazijos bei dar\u017eelio pedagog\u0173 kolektyvai dar kart\u0105 \u012frod\u0117, kad mokymas(is) vyksta ne tik i\u0161 vadov\u0117li\u0173, bet ir per asmenin\u012f pavyzd\u012f. \u0160i\u0105 savait\u0119 mokytojai, pademonstruodami vienyb\u0119, prisijung\u0117 prie tarptautin\u0117s \u201eD\u017eins\u0173 dienos\u201c (angl. <i>Denim Day<\/i>) akcijos.<\/span><\/p>\n<p class=\"MsoNormal\" style=\"margin-bottom: 0cm; text-align: justify; line-height: 18.0pt; background: white;\"><span style=\"font-size: 12.0pt; font-family: 'Times New Roman',serif; mso-fareast-font-family: 'Times New Roman'; color: #0a0a0a; mso-font-kerning: 0pt; mso-ligatures: none; mso-fareast-language: RU;\">Baland\u017eio 29 dien\u0105 mokytoj\u0173 kambaryje, klas\u0117seir grup\u0117se dominavo d\u017einsinis audinys \u2013 visame pasaulyje atpa\u017e\u012fstamas solidarumo, pagarbos ir socialin\u0117s atsakomyb\u0117s simbolis. Dalyvaudami \u0161ioje iniciatyvoje, pedagogai siek\u0117 atkreipti d\u0117mes\u012f \u012f svarbias vertybes: tarpusavio supratim\u0105, smurto prevencij\u0105 ir param\u0105 tiems, kurie susiduria su neteisybe.<\/span><\/p>\n<p class=\"MsoNormal\" style=\"margin-bottom: 0cm; text-align: justify; line-height: 18.0pt; background: white;\"><span style=\"font-size: 12.0pt; font-family: 'Times New Roman',serif; mso-fareast-font-family: 'Times New Roman'; color: #0a0a0a; mso-font-kerning: 0pt; mso-ligatures: none; mso-fareast-language: RU;\">Tarptautin\u0117 d\u017eins\u0173 diena atsirado po rezonansinio teismo sprendimo Italijoje 1992 m., kai i\u0161\u017eaginimo byloje kaltintas asmuo buvo i\u0161teisintas, argumentuojant, jog auka pati yra kalta, nes vilk\u0117jo aptemptus d\u017einsus, ir be jos pagalbos kaltinamasis neb\u016bt\u0173 gal\u0117j\u0119s j\u0173 numauti. \u0160is teismo sprendimas suk\u0117l\u0117 did\u017eiul\u012f pasipiktinim\u0105. Kit\u0105 dien\u0105 Italijos parlamentar\u0117s \u012f darb\u0105 at\u0117jo vilk\u0117damos d\u017einsus ir taip prad\u0117jo protest\u0105 prie\u0161 auk\u0173 kaltinim\u0105. Nuo tada d\u017einsai tapo tarptautiniu simboliu, primenan\u010diu, kad smurtas niekada negali b\u016bti pateisinamas tuo, kaip \u017emogus atrodo ar k\u0105 d\u0117vi.<\/span><\/p>\n<p class=\"MsoNormal\" style=\"margin-bottom: 0cm; text-align: justify; line-height: 18.0pt; background: white;\"><span lang=\"PL\" style=\"font-size: 12.0pt; font-family: 'Times New Roman',serif; mso-fareast-font-family: 'Times New Roman'; color: #0a0a0a; mso-font-kerning: 0pt; mso-ligatures: none; mso-ansi-language: PL; mso-fareast-language: RU;\">\u201eM\u016bs\u0173 pavyzdys yra geriausia pamoka mokiniams,\u201c \u2013 teig\u0117 akcijos dalyviai. Bendruomeni\u0161kumo jausmas, u\u017epild\u0119s gimnazijos erdves, parod\u0117, kad Bezdoni\u0173 Julijaus Slovackio gimnazijos mokytojai yra aktyv\u016bs pilietin\u0117s visuomen\u0117s nariai.<\/span><\/p>\n<p class=\"MsoNormal\" style=\"text-align: right;\"><span style=\"font-size: 12.0pt; line-height: 107%; font-family: 'Times New Roman',serif;\">Iniciatyvos koordinator\u0117s gimnazijoje Veslava Voini\u010d ir Inga Kondratovi\u010d<\/span><\/p>\n<p class=\"MsoNormal\" style=\"text-align: right;\"><a href=\"https:\/\/www.slovackio.vilniausr.lm.lt\/wp-content\/uploads\/Messenger_creation_854D0B9D-1A75-44E5-AD63-16D7D6DEE334.jpeg\" rel=\"lightbox[35395]\"><img loading=\"lazy\" decoding=\"async\" class=\"alignleft  wp-image-35398\" src=\"https:\/\/www.slovackio.vilniausr.lm.lt\/wp-content\/uploads\/Messenger_creation_854D0B9D-1A75-44E5-AD63-16D7D6DEE334-300x225.jpeg\" alt=\"\" width=\"246\" height=\"184\" srcset=\"https:\/\/www.slovackio.vilniausr.lm.lt\/wp-content\/uploads\/Messenger_creation_854D0B9D-1A75-44E5-AD63-16D7D6DEE334-300x225.jpeg 300w, https:\/\/www.slovackio.vilniausr.lm.lt\/wp-content\/uploads\/Messenger_creation_854D0B9D-1A75-44E5-AD63-16D7D6DEE334-1024x768.jpeg 1024w, https:\/\/www.slovackio.vilniausr.lm.lt\/wp-content\/uploads\/Messenger_creation_854D0B9D-1A75-44E5-AD63-16D7D6DEE334-768x576.jpeg 768w, https:\/\/www.slovackio.vilniausr.lm.lt\/wp-content\/uploads\/Messenger_creation_854D0B9D-1A75-44E5-AD63-16D7D6DEE334-1536x1151.jpeg 1536w, https:\/\/www.slovackio.vilniausr.lm.lt\/wp-content\/uploads\/Messenger_creation_854D0B9D-1A75-44E5-AD63-16D7D6DEE334.jpeg 2048w\" sizes=\"auto, (max-width: 246px) 100vw, 246px\" \/><\/a><\/p>\n<p style=\"text-align: justify;\"><a href=\"https:\/\/www.slovackio.vilniausr.lm.lt\/wp-content\/uploads\/Messenger_creation_B982B600-36A2-4981-8E2B-CE46534235B4.jpeg\" rel=\"lightbox[35395]\"><img loading=\"lazy\" decoding=\"async\" class=\"alignleft size-medium wp-image-35399\" src=\"https:\/\/www.slovackio.vilniausr.lm.lt\/wp-content\/uploads\/Messenger_creation_B982B600-36A2-4981-8E2B-CE46534235B4-300x180.jpeg\" alt=\"\" width=\"300\" height=\"180\" srcset=\"https:\/\/www.slovackio.vilniausr.lm.lt\/wp-content\/uploads\/Messenger_creation_B982B600-36A2-4981-8E2B-CE46534235B4-300x180.jpeg 300w, https:\/\/www.slovackio.vilniausr.lm.lt\/wp-content\/uploads\/Messenger_creation_B982B600-36A2-4981-8E2B-CE46534235B4-1024x615.jpeg 1024w, https:\/\/www.slovackio.vilniausr.lm.lt\/wp-content\/uploads\/Messenger_creation_B982B600-36A2-4981-8E2B-CE46534235B4-768x461.jpeg 768w, https:\/\/www.slovackio.vilniausr.lm.lt\/wp-content\/uploads\/Messenger_creation_B982B600-36A2-4981-8E2B-CE46534235B4-1536x923.jpeg 1536w, https:\/\/www.slovackio.vilniausr.lm.lt\/wp-content\/uploads\/Messenger_creation_B982B600-36A2-4981-8E2B-CE46534235B4-500x300.jpeg 500w, https:\/\/www.slovackio.vilniausr.lm.lt\/wp-content\/uploads\/Messenger_creation_B982B600-36A2-4981-8E2B-CE46534235B4.jpeg 2048w\" sizes=\"auto, (max-width: 300px) 100vw, 300px\" \/><\/a><\/p>\n<p><\/p>","protected":false},"excerpt":{"rendered":"<p>Gimnazijos bei dar\u017eelio pedagog\u0173 kolektyvai dar kart\u0105 \u012frod\u0117, kad mokymas(is) vyksta ne tik i\u0161 vadov\u0117li\u0173, bet ir per asmenin\u012f pavyzd\u012f. \u0160i\u0105 savait\u0119 mokytojai, pademonstruodami vienyb\u0119, prisijung\u0117 prie tarptautin\u0117s \u201eD\u017eins\u0173 dienos\u201c (angl. Denim Day) akcijos. Baland\u017eio 29 dien\u0105 mokytoj\u0173 kambaryje, klas\u0117seir grup\u0117se dominavo d\u017einsinis audinys \u2013 visame pasaulyje atpa\u017e\u012fstamas solidarumo, pagarbos ir socialin\u0117s atsakomyb\u0117s simbolis. Dalyvaudami \u0161ioje iniciatyvoje, pedagogai siek\u0117 atkreipti<\/p>\n","protected":false},"author":1,"featured_media":0,"comment_status":"closed","ping_status":"closed","sticky":false,"template":"","format":"standard","meta":{"_jetpack_memberships_contains_paid_content":false,"footnotes":"","jetpack_publicize_message":"","jetpack_publicize_feature_enabled":true,"jetpack_social_post_already_shared":true,"jetpack_social_options":{"image_generator_settings":{"template":"highway","default_image_id":0,"font":"","enabled":false},"version":2}},"categories":[1],"tags":[],"class_list":["post-35395","post","type-post","status-publish","format-standard","hentry","category-be-kategorijos"],"jetpack_publicize_connections":[],"jetpack_featured_media_url":"","jetpack_sharing_enabled":true,"_links":{"self":[{"href":"https:\/\/www.slovackio.vilniausr.lm.lt\/index.php?rest_route=\/wp\/v2\/posts\/35395","targetHints":{"allow":["GET"]}}],"collection":[{"href":"https:\/\/www.slovackio.vilniausr.lm.lt\/index.php?rest_route=\/wp\/v2\/posts"}],"about":[{"href":"https:\/\/www.slovackio.vilniausr.lm.lt\/index.php?rest_route=\/wp\/v2\/types\/post"}],"author":[{"embeddable":true,"href":"https:\/\/www.slovackio.vilniausr.lm.lt\/index.php?rest_route=\/wp\/v2\/users\/1"}],"replies":[{"embeddable":true,"href":"https:\/\/www.slovackio.vilniausr.lm.lt\/index.php?rest_route=%2Fwp%2Fv2%2Fcomments&post=35395"}],"version-history":[{"count":7,"href":"https:\/\/www.slovackio.vilniausr.lm.lt\/index.php?rest_route=\/wp\/v2\/posts\/35395\/revisions"}],"predecessor-version":[{"id":35406,"href":"https:\/\/www.slovackio.vilniausr.lm.lt\/index.php?rest_route=\/wp\/v2\/posts\/35395\/revisions\/35406"}],"wp:attachment":[{"href":"https:\/\/www.slovackio.vilniausr.lm.lt\/index.php?rest_route=%2Fwp%2Fv2%2Fmedia&parent=35395"}],"wp:term":[{"taxonomy":"category","embeddable":true,"href":"https:\/\/www.slovackio.vilniausr.lm.lt\/index.php?rest_route=%2Fwp%2Fv2%2Fcategories&post=35395"},{"taxonomy":"post_tag","embeddable":true,"href":"https:\/\/www.slovackio.vilniausr.lm.lt\/index.php?rest_route=%2Fwp%2Fv2%2Ftags&post=35395"}],"curies":[{"name":"wp","href":"https:\/\/api.w.org\/{rel}","templated":true}]}}