{"id":35380,"date":"2026-04-26T19:31:25","date_gmt":"2026-04-26T17:31:25","guid":{"rendered":"https:\/\/www.slovackio.vilniausr.lm.lt\/?p=35380"},"modified":"2026-04-28T07:45:55","modified_gmt":"2026-04-28T05:45:55","slug":"mokiniai-susipazista-su-profesija-vizitas-lietuvos-radijuje-ir-televizijoje","status":"publish","type":"post","link":"https:\/\/www.slovackio.vilniausr.lm.lt\/?p=35380","title":{"rendered":"Mokiniai susipa\u017e\u012fsta su profesija \u2013 vizitas Lietuvos radijuje ir televizijoje"},"content":{"rendered":"<p><\/p>\n<p style=\"text-align: justify;\"><a href=\"https:\/\/www.slovackio.vilniausr.lm.lt\/wp-content\/uploads\/4b1ec564-af4d-4400-a849-427acb08f09e.jpg\" rel=\"lightbox[35380]\"><img loading=\"lazy\" decoding=\"async\" class=\"alignleft size-medium wp-image-35387\" src=\"https:\/\/www.slovackio.vilniausr.lm.lt\/wp-content\/uploads\/4b1ec564-af4d-4400-a849-427acb08f09e-225x300.jpg\" alt=\"\" width=\"225\" height=\"300\" srcset=\"https:\/\/www.slovackio.vilniausr.lm.lt\/wp-content\/uploads\/4b1ec564-af4d-4400-a849-427acb08f09e-225x300.jpg 225w, https:\/\/www.slovackio.vilniausr.lm.lt\/wp-content\/uploads\/4b1ec564-af4d-4400-a849-427acb08f09e-768x1024.jpg 768w, https:\/\/www.slovackio.vilniausr.lm.lt\/wp-content\/uploads\/4b1ec564-af4d-4400-a849-427acb08f09e-1152x1536.jpg 1152w, https:\/\/www.slovackio.vilniausr.lm.lt\/wp-content\/uploads\/4b1ec564-af4d-4400-a849-427acb08f09e.jpg 1536w\" sizes=\"auto, (max-width: 225px) 100vw, 225px\" \/><\/a>Baland\u017eio 20 dien\u0105 GI ir GII klasi\u0173 mokiniai kartu su fizikos mokytoja Regina Bie\u0142otkacz tur\u0117jo i\u0161skirtin\u0119 galimyb\u0119 dalyvauti edukacin\u0117je i\u0161vykoje \u012f Lietuvos radij\u0105 ir televizij\u0105. Tai buvo labai \u012fdomi patirtis, leidusi mokiniams i\u0161 arti susipa\u017einti su \u017eurnalist\u0173, garso ir vaizdo re\u017eisieri\u0173 bei visos komandos darbu, rengiant \u012fvairias laidas.<\/p>\n<p style=\"text-align: justify;\">Pirmoji programos dalis buvo televizijos studijos lankymas. Mokiniai pamat\u0117 profesionali\u0105 \u012frang\u0105, kameras ir ap\u0161vietim\u0105, naudojamus filmavimo metu. Jie su\u017einojo, kaip vyksta informacini\u0173 laid\u0173 rengimas. Apsilankymas studijoje pad\u0117jo suprasti, kokia svarbi yra komandin\u0117 veikla ir tikslumas dirbant \u017einiasklaidoje.<\/p>\n<p style=\"text-align: justify;\">V\u0117liau mokiniai apsilank\u0117 radijo studijoje. Ten jie susipa\u017eino su garso re\u017eisieri\u0173 darbu bei pamat\u0117 profesionali\u0105 \u012fra\u0161ymo \u012frang\u0105, naudojam\u0105 radijo laidose. Kai kurie mokiniai net tur\u0117jo galimyb\u0119 i\u0161bandyti save prie mikrofono.<\/p>\n<p style=\"text-align: justify;\">I\u0161vyka buvo labai \u012fdomi ir naudinga. Mokiniai ne tik prapl\u0117t\u0117 savo \u017einias apie \u017einiasklaidos veikl\u0105, bet ir tur\u0117jo prog\u0105 susim\u0105styti apie savo ateities profesij\u0105. Kas \u017eino, gal po keleri\u0173 met\u0173 kas nors i\u0161 j\u0173 sugr\u012f\u0161 \u010dia jau kaip radijo ar televizijos darbuotojas?<\/p>\n<p><a href=\"https:\/\/www.slovackio.vilniausr.lm.lt\/wp-content\/uploads\/c0d6caba-4ade-42e9-8291-1a7e4430d2b6.jpg\" rel=\"lightbox[35380]\"><img loading=\"lazy\" decoding=\"async\" class=\"alignleft size-medium wp-image-35383\" src=\"https:\/\/www.slovackio.vilniausr.lm.lt\/wp-content\/uploads\/c0d6caba-4ade-42e9-8291-1a7e4430d2b6-300x225.jpg\" alt=\"\" width=\"300\" height=\"225\" srcset=\"https:\/\/www.slovackio.vilniausr.lm.lt\/wp-content\/uploads\/c0d6caba-4ade-42e9-8291-1a7e4430d2b6-300x225.jpg 300w, https:\/\/www.slovackio.vilniausr.lm.lt\/wp-content\/uploads\/c0d6caba-4ade-42e9-8291-1a7e4430d2b6-1024x768.jpg 1024w, https:\/\/www.slovackio.vilniausr.lm.lt\/wp-content\/uploads\/c0d6caba-4ade-42e9-8291-1a7e4430d2b6-768x576.jpg 768w, https:\/\/www.slovackio.vilniausr.lm.lt\/wp-content\/uploads\/c0d6caba-4ade-42e9-8291-1a7e4430d2b6-1536x1152.jpg 1536w, https:\/\/www.slovackio.vilniausr.lm.lt\/wp-content\/uploads\/c0d6caba-4ade-42e9-8291-1a7e4430d2b6.jpg 2048w\" sizes=\"auto, (max-width: 300px) 100vw, 300px\" \/><\/a><a href=\"https:\/\/www.slovackio.vilniausr.lm.lt\/wp-content\/uploads\/3efd2834-5ba7-499b-b49a-a8474278c469.jpg\" rel=\"lightbox[35380]\"><img loading=\"lazy\" decoding=\"async\" class=\"alignleft size-medium wp-image-35385\" src=\"https:\/\/www.slovackio.vilniausr.lm.lt\/wp-content\/uploads\/3efd2834-5ba7-499b-b49a-a8474278c469-300x225.jpg\" alt=\"\" width=\"300\" height=\"225\" srcset=\"https:\/\/www.slovackio.vilniausr.lm.lt\/wp-content\/uploads\/3efd2834-5ba7-499b-b49a-a8474278c469-300x225.jpg 300w, https:\/\/www.slovackio.vilniausr.lm.lt\/wp-content\/uploads\/3efd2834-5ba7-499b-b49a-a8474278c469-1024x768.jpg 1024w, https:\/\/www.slovackio.vilniausr.lm.lt\/wp-content\/uploads\/3efd2834-5ba7-499b-b49a-a8474278c469-768x576.jpg 768w, https:\/\/www.slovackio.vilniausr.lm.lt\/wp-content\/uploads\/3efd2834-5ba7-499b-b49a-a8474278c469-1536x1152.jpg 1536w, https:\/\/www.slovackio.vilniausr.lm.lt\/wp-content\/uploads\/3efd2834-5ba7-499b-b49a-a8474278c469.jpg 2048w\" sizes=\"auto, (max-width: 300px) 100vw, 300px\" \/><\/a> <a href=\"https:\/\/www.slovackio.vilniausr.lm.lt\/wp-content\/uploads\/25de7c26-d1c3-4f85-a661-3ccd214272ab.jpg\" rel=\"lightbox[35380]\"><img loading=\"lazy\" decoding=\"async\" class=\"alignleft size-medium wp-image-35386\" src=\"https:\/\/www.slovackio.vilniausr.lm.lt\/wp-content\/uploads\/25de7c26-d1c3-4f85-a661-3ccd214272ab-300x225.jpg\" alt=\"\" width=\"300\" height=\"225\" srcset=\"https:\/\/www.slovackio.vilniausr.lm.lt\/wp-content\/uploads\/25de7c26-d1c3-4f85-a661-3ccd214272ab-300x225.jpg 300w, https:\/\/www.slovackio.vilniausr.lm.lt\/wp-content\/uploads\/25de7c26-d1c3-4f85-a661-3ccd214272ab-1024x768.jpg 1024w, https:\/\/www.slovackio.vilniausr.lm.lt\/wp-content\/uploads\/25de7c26-d1c3-4f85-a661-3ccd214272ab-768x576.jpg 768w, https:\/\/www.slovackio.vilniausr.lm.lt\/wp-content\/uploads\/25de7c26-d1c3-4f85-a661-3ccd214272ab-1536x1152.jpg 1536w, https:\/\/www.slovackio.vilniausr.lm.lt\/wp-content\/uploads\/25de7c26-d1c3-4f85-a661-3ccd214272ab.jpg 2048w\" sizes=\"auto, (max-width: 300px) 100vw, 300px\" \/><\/a><\/p>\n<p>&nbsp;<\/p>","protected":false},"excerpt":{"rendered":"<p>Baland\u017eio 20 dien\u0105 GI ir GII klasi\u0173 mokiniai kartu su fizikos mokytoja Regina Bie\u0142otkacz tur\u0117jo i\u0161skirtin\u0119 galimyb\u0119 dalyvauti edukacin\u0117je i\u0161vykoje \u012f Lietuvos radij\u0105 ir televizij\u0105. Tai buvo labai \u012fdomi patirtis, leidusi mokiniams i\u0161 arti susipa\u017einti su \u017eurnalist\u0173, garso ir vaizdo re\u017eisieri\u0173 bei visos komandos darbu, rengiant \u012fvairias laidas. Pirmoji programos dalis buvo televizijos studijos lankymas. Mokiniai pamat\u0117 profesionali\u0105 \u012frang\u0105, kameras<\/p>\n","protected":false},"author":1,"featured_media":0,"comment_status":"closed","ping_status":"closed","sticky":false,"template":"","format":"standard","meta":{"_jetpack_memberships_contains_paid_content":false,"footnotes":"","jetpack_publicize_message":"","jetpack_publicize_feature_enabled":true,"jetpack_social_post_already_shared":true,"jetpack_social_options":{"image_generator_settings":{"template":"highway","default_image_id":0,"font":"","enabled":false},"version":2}},"categories":[1],"tags":[],"class_list":["post-35380","post","type-post","status-publish","format-standard","hentry","category-be-kategorijos"],"jetpack_publicize_connections":[],"jetpack_featured_media_url":"","jetpack_sharing_enabled":true,"_links":{"self":[{"href":"https:\/\/www.slovackio.vilniausr.lm.lt\/index.php?rest_route=\/wp\/v2\/posts\/35380","targetHints":{"allow":["GET"]}}],"collection":[{"href":"https:\/\/www.slovackio.vilniausr.lm.lt\/index.php?rest_route=\/wp\/v2\/posts"}],"about":[{"href":"https:\/\/www.slovackio.vilniausr.lm.lt\/index.php?rest_route=\/wp\/v2\/types\/post"}],"author":[{"embeddable":true,"href":"https:\/\/www.slovackio.vilniausr.lm.lt\/index.php?rest_route=\/wp\/v2\/users\/1"}],"replies":[{"embeddable":true,"href":"https:\/\/www.slovackio.vilniausr.lm.lt\/index.php?rest_route=%2Fwp%2Fv2%2Fcomments&post=35380"}],"version-history":[{"count":4,"href":"https:\/\/www.slovackio.vilniausr.lm.lt\/index.php?rest_route=\/wp\/v2\/posts\/35380\/revisions"}],"predecessor-version":[{"id":35394,"href":"https:\/\/www.slovackio.vilniausr.lm.lt\/index.php?rest_route=\/wp\/v2\/posts\/35380\/revisions\/35394"}],"wp:attachment":[{"href":"https:\/\/www.slovackio.vilniausr.lm.lt\/index.php?rest_route=%2Fwp%2Fv2%2Fmedia&parent=35380"}],"wp:term":[{"taxonomy":"category","embeddable":true,"href":"https:\/\/www.slovackio.vilniausr.lm.lt\/index.php?rest_route=%2Fwp%2Fv2%2Fcategories&post=35380"},{"taxonomy":"post_tag","embeddable":true,"href":"https:\/\/www.slovackio.vilniausr.lm.lt\/index.php?rest_route=%2Fwp%2Fv2%2Ftags&post=35380"}],"curies":[{"name":"wp","href":"https:\/\/api.w.org\/{rel}","templated":true}]}}