{"id":35377,"date":"2026-04-27T19:26:47","date_gmt":"2026-04-27T17:26:47","guid":{"rendered":"https:\/\/www.slovackio.vilniausr.lm.lt\/?p=35377"},"modified":"2026-04-27T19:26:47","modified_gmt":"2026-04-27T17:26:47","slug":"musu-mokines-sekme-lenku-kalbos-konkurse","status":"publish","type":"post","link":"https:\/\/www.slovackio.vilniausr.lm.lt\/?p=35377","title":{"rendered":"M\u016bs\u0173 mokin\u0117s s\u0117km\u0117\u00a0 lenk\u0173 kalbos konkurse"},"content":{"rendered":"<p><\/p>\n<p style=\"text-align: justify;\"><a href=\"https:\/\/www.slovackio.vilniausr.lm.lt\/wp-content\/uploads\/ae712f36-8575-493f-80b3-eb6b27385759.jpg\" rel=\"lightbox[35377]\"><img loading=\"lazy\" decoding=\"async\" class=\"alignleft size-medium wp-image-35378\" src=\"https:\/\/www.slovackio.vilniausr.lm.lt\/wp-content\/uploads\/ae712f36-8575-493f-80b3-eb6b27385759-225x300.jpg\" alt=\"\" width=\"225\" height=\"300\" srcset=\"https:\/\/www.slovackio.vilniausr.lm.lt\/wp-content\/uploads\/ae712f36-8575-493f-80b3-eb6b27385759-225x300.jpg 225w, https:\/\/www.slovackio.vilniausr.lm.lt\/wp-content\/uploads\/ae712f36-8575-493f-80b3-eb6b27385759-768x1024.jpg 768w, https:\/\/www.slovackio.vilniausr.lm.lt\/wp-content\/uploads\/ae712f36-8575-493f-80b3-eb6b27385759-1152x1536.jpg 1152w, https:\/\/www.slovackio.vilniausr.lm.lt\/wp-content\/uploads\/ae712f36-8575-493f-80b3-eb6b27385759.jpg 1536w\" sizes=\"auto, (max-width: 225px) 100vw, 225px\" \/><\/a>Baland\u017eio 23 d. Mai\u0161iagalos kun. Juzefo Obrembskio gimnazijoje vyko lenk\u0173 kalbos konkurso \u201eMistrz ortografii\u201c ir miniolimpiados rajoninis etapas. Jame dalyvavo trys m\u016bs\u0173 gimnazijos mokiniai, zoninio konkurso laureatai: P. Dubov, G. Podleckaja ir B. Bla\u017eevi\u010di\u016bt\u0117.<\/p>\n<p style=\"text-align: justify;\">5\u20137 klasi\u0173 mokiniai tur\u0117jo ra\u0161yti diktant\u0105, o 9 klas\u0117s mokiniai savo \u017einias demonstravo ra\u0161ydami samprotavimo ra\u0161in\u012f. M\u016bs\u0173 atstov\u0117 Glorija Podleckaja pasi\u017eym\u0117jo ne tik puikiu ortografijos ir skyrybos taisykli\u0173 i\u0161manymu, bet ir ypatinga koncentracija ra\u0161ant sud\u0117ting\u0105 diktant\u0105. Savo \u012fg\u016bd\u017ei\u0173 d\u0117ka ji u\u017e\u0117m\u0117 garbing\u0105 II viet\u0105.<\/p>\n<p style=\"text-align: justify;\">Nuo\u0161ird\u017eiai sveikiname Glorij\u0105 ir d\u0117kojame u\u017e \u012fd\u0117tas pastangas ruo\u0161iantis konkursui. Visiems m\u016bs\u0173 gimnazijos atstovams linkime nebl\u0117stan\u010dios energijos gilinantis \u012f gimtosios kalbos paslaptis bei s\u0117km\u0117s kituose konkursuose.<\/p>\n<p style=\"text-align: right;\">\u00a0\u00a0\u00a0\u00a0\u00a0\u00a0\u00a0\u00a0\u00a0\u00a0\u00a0\u00a0\u00a0\u00a0\u00a0\u00a0\u00a0\u00a0\u00a0\u00a0\u00a0\u00a0\u00a0\u00a0\u00a0\u00a0\u00a0\u00a0\u00a0\u00a0\u00a0\u00a0\u00a0\u00a0\u00a0\u00a0\u00a0\u00a0\u00a0\u00a0\u00a0\u00a0\u00a0\u00a0\u00a0\u00a0\u00a0\u00a0\u00a0\u00a0\u00a0\u00a0\u00a0\u00a0\u00a0\u00a0\u00a0\u00a0\u00a0\u00a0\u00a0\u00a0\u00a0\u00a0\u00a0\u00a0\u00a0\u00a0\u00a0\u00a0\u00a0\u00a0\u00a0\u00a0\u00a0\u00a0\u00a0\u00a0\u00a0\u00a0\u00a0\u00a0\u00a0\u00a0\u00a0\u00a0\u00a0\u00a0\u00a0\u00a0\u00a0\u00a0\u00a0\u00a0 Ana Maciulevi\u010d<\/p>\n<p><\/p>","protected":false},"excerpt":{"rendered":"<p>Baland\u017eio 23 d. Mai\u0161iagalos kun. Juzefo Obrembskio gimnazijoje vyko lenk\u0173 kalbos konkurso \u201eMistrz ortografii\u201c ir miniolimpiados rajoninis etapas. Jame dalyvavo trys m\u016bs\u0173 gimnazijos mokiniai, zoninio konkurso laureatai: P. Dubov, G. Podleckaja ir B. Bla\u017eevi\u010di\u016bt\u0117. 5\u20137 klasi\u0173 mokiniai tur\u0117jo ra\u0161yti diktant\u0105, o 9 klas\u0117s mokiniai savo \u017einias demonstravo ra\u0161ydami samprotavimo ra\u0161in\u012f. M\u016bs\u0173 atstov\u0117 Glorija Podleckaja pasi\u017eym\u0117jo ne tik puikiu ortografijos ir<\/p>\n","protected":false},"author":1,"featured_media":0,"comment_status":"closed","ping_status":"closed","sticky":false,"template":"","format":"standard","meta":{"_jetpack_memberships_contains_paid_content":false,"footnotes":"","jetpack_publicize_message":"","jetpack_publicize_feature_enabled":true,"jetpack_social_post_already_shared":true,"jetpack_social_options":{"image_generator_settings":{"template":"highway","default_image_id":0,"font":"","enabled":false},"version":2}},"categories":[1],"tags":[],"class_list":["post-35377","post","type-post","status-publish","format-standard","hentry","category-be-kategorijos"],"jetpack_publicize_connections":[],"jetpack_featured_media_url":"","jetpack_sharing_enabled":true,"_links":{"self":[{"href":"https:\/\/www.slovackio.vilniausr.lm.lt\/index.php?rest_route=\/wp\/v2\/posts\/35377","targetHints":{"allow":["GET"]}}],"collection":[{"href":"https:\/\/www.slovackio.vilniausr.lm.lt\/index.php?rest_route=\/wp\/v2\/posts"}],"about":[{"href":"https:\/\/www.slovackio.vilniausr.lm.lt\/index.php?rest_route=\/wp\/v2\/types\/post"}],"author":[{"embeddable":true,"href":"https:\/\/www.slovackio.vilniausr.lm.lt\/index.php?rest_route=\/wp\/v2\/users\/1"}],"replies":[{"embeddable":true,"href":"https:\/\/www.slovackio.vilniausr.lm.lt\/index.php?rest_route=%2Fwp%2Fv2%2Fcomments&post=35377"}],"version-history":[{"count":1,"href":"https:\/\/www.slovackio.vilniausr.lm.lt\/index.php?rest_route=\/wp\/v2\/posts\/35377\/revisions"}],"predecessor-version":[{"id":35379,"href":"https:\/\/www.slovackio.vilniausr.lm.lt\/index.php?rest_route=\/wp\/v2\/posts\/35377\/revisions\/35379"}],"wp:attachment":[{"href":"https:\/\/www.slovackio.vilniausr.lm.lt\/index.php?rest_route=%2Fwp%2Fv2%2Fmedia&parent=35377"}],"wp:term":[{"taxonomy":"category","embeddable":true,"href":"https:\/\/www.slovackio.vilniausr.lm.lt\/index.php?rest_route=%2Fwp%2Fv2%2Fcategories&post=35377"},{"taxonomy":"post_tag","embeddable":true,"href":"https:\/\/www.slovackio.vilniausr.lm.lt\/index.php?rest_route=%2Fwp%2Fv2%2Ftags&post=35377"}],"curies":[{"name":"wp","href":"https:\/\/api.w.org\/{rel}","templated":true}]}}