{"id":34922,"date":"2026-03-10T20:57:04","date_gmt":"2026-03-10T18:57:04","guid":{"rendered":"https:\/\/www.slovackio.vilniausr.lm.lt\/?p=34922"},"modified":"2026-04-20T20:29:47","modified_gmt":"2026-04-20T18:29:47","slug":"zodzio-ir-laisves-svente-lietuviu-kalbos-dienos-bezdoniu-julijaus-slovackio-gimnazijoje","status":"publish","type":"post","link":"https:\/\/www.slovackio.vilniausr.lm.lt\/?p=34922","title":{"rendered":"\u017dod\u017eio ir laisv\u0117s \u0161vent\u0117: Lietuvi\u0173 kalbos dienos gimnazijoje"},"content":{"rendered":"<p><\/p>\n<p style=\"text-align: left;\">\u00a0Gimnazijoje prasmingai minimos Lietuvi\u0173 kalbos dienos. Jos prasid\u0117jo vasario m\u0117nes\u012f ir t\u0119sis iki kovo pabaigos, simboli\u0161kai sujungdamos dvi svarbias valstyb\u0117s \u0161ventes \u2013 Vasario 16-\u0105j\u0105 ir Kovo 11-\u0105j\u0105. \u0160iuo laikotarpiu mokyklos bendruomen\u0117 dalyvauja \u012fvairiose veiklose, kurios skatina puosel\u0117ti lietuvi\u0173 kalb\u0105, kult\u016br\u0105 ir pilieti\u0161kum\u0105.<\/p>\n<p style=\"text-align: justify;\">Jauniausieji 1\u20134 klasi\u0173 mokiniai dalyvavo meninio skaitymo konkurse \u201e\u017dodeliai i\u0161 ma\u017eos \u0161irdel\u0117s\u201c bei dailyra\u0161\u010dio konkurse \u201eDailioji plunksnel\u0117\u201c. Vyresnieji mokiniai savo \u017einias ir geb\u0117jimus i\u0161band\u0117 ra\u0161tingiausio mokinio konkurse \u201eRa\u0161ybos sp\u0105stai\u201c. 8\u20139 klasi\u0173 mokiniai pareng\u0117 stendin\u0119 parod\u0105 \u201eMa\u017eas miestelis \u2013 didel\u0117 \u0161irdis\u201c, kurioje pristat\u0117 Bezdoni\u0173 apylinki\u0173 vietoves ir j\u0173 savitum\u0105.<\/p>\n<p style=\"text-align: justify;\">Gimnazijoje taip pat vyko pie\u0161ini\u0173 ir ra\u0161ymo konkursas \u201eGra\u017eiausi \u017eod\u017eiai \u2013 Lietuvai\u201c, o vyresni\u0173j\u0173 klasi\u0173 mokiniai dalyvavo viktorinoje, skirtoje 2026-iesiems \u2013 \u017eemai\u010di\u0173 vyskupo Motiejaus Kazimiero Valan\u010diaus metams, bei literat\u016briniame\u2013kalbiniame prot\u0173 m\u016b\u0161yje. Bendruomen\u0119 suvienijo ir i\u0161kilmingi valstybini\u0173 \u0161ven\u010di\u0173 min\u0117jimai \u2013 Vasario 16-osios bei Kovo 11-osios renginiai.<\/p>\n<p style=\"text-align: justify;\">Lietuvi\u0173 kalbos dien\u0173 veiklas vainikuos tradicinis Nacionalinio diktanto ra\u0161ymas. Baland\u017eio m\u0117nes\u012f prie \u0161ios iniciatyvos planuoja prisijungti ne tik gimnazijos bendruomen\u0117, bet ir Bezdoni\u0173 seni\u016bnijos gyventojai. \u0160ios veiklos dar kart\u0105 primena, kad lietuvi\u0173 kalba yra gyvas m\u016bs\u0173 tapatyb\u0117s, kult\u016bros ir laisv\u0117s pamatas, kur\u012f puosel\u0117dami kartu stipriname ir bendruomeni\u0161kum\u0105, ir meil\u0119 Lietuvai.<\/p>\n<p style=\"text-align: right;\">Lietuvi\u0173 kalbos ir literat\u016bros mokytoja Aliona Rynkun<\/p>\n<p><a href=\"https:\/\/www.slovackio.vilniausr.lm.lt\/wp-content\/uploads\/4c739a47-1d48-43d5-ad24-95c6e275bd1d.jpg\" rel=\"lightbox[34922]\"><img loading=\"lazy\" decoding=\"async\" class=\"alignleft size-thumbnail wp-image-34924\" src=\"https:\/\/www.slovackio.vilniausr.lm.lt\/wp-content\/uploads\/4c739a47-1d48-43d5-ad24-95c6e275bd1d-150x150.jpg\" alt=\"\" width=\"150\" height=\"150\" srcset=\"https:\/\/www.slovackio.vilniausr.lm.lt\/wp-content\/uploads\/4c739a47-1d48-43d5-ad24-95c6e275bd1d-150x150.jpg 150w, https:\/\/www.slovackio.vilniausr.lm.lt\/wp-content\/uploads\/4c739a47-1d48-43d5-ad24-95c6e275bd1d-90x90.jpg 90w, https:\/\/www.slovackio.vilniausr.lm.lt\/wp-content\/uploads\/4c739a47-1d48-43d5-ad24-95c6e275bd1d-75x75.jpg 75w\" sizes=\"auto, (max-width: 150px) 100vw, 150px\" \/><\/a> <a href=\"https:\/\/www.slovackio.vilniausr.lm.lt\/wp-content\/uploads\/03ad4fe3-206b-45ab-96bc-972f16d28cee.jpg\" rel=\"lightbox[34922]\"><img loading=\"lazy\" decoding=\"async\" class=\"alignleft size-thumbnail wp-image-34925\" src=\"https:\/\/www.slovackio.vilniausr.lm.lt\/wp-content\/uploads\/03ad4fe3-206b-45ab-96bc-972f16d28cee-150x150.jpg\" alt=\"\" width=\"150\" height=\"150\" srcset=\"https:\/\/www.slovackio.vilniausr.lm.lt\/wp-content\/uploads\/03ad4fe3-206b-45ab-96bc-972f16d28cee-150x150.jpg 150w, https:\/\/www.slovackio.vilniausr.lm.lt\/wp-content\/uploads\/03ad4fe3-206b-45ab-96bc-972f16d28cee-90x90.jpg 90w, https:\/\/www.slovackio.vilniausr.lm.lt\/wp-content\/uploads\/03ad4fe3-206b-45ab-96bc-972f16d28cee-75x75.jpg 75w\" sizes=\"auto, (max-width: 150px) 100vw, 150px\" \/><\/a> <a href=\"https:\/\/www.slovackio.vilniausr.lm.lt\/wp-content\/uploads\/89a843a8-7693-4c5c-8eeb-e3a59dbf2e90.jpg\" rel=\"lightbox[34922]\"><img loading=\"lazy\" decoding=\"async\" class=\"alignleft size-thumbnail wp-image-34926\" src=\"https:\/\/www.slovackio.vilniausr.lm.lt\/wp-content\/uploads\/89a843a8-7693-4c5c-8eeb-e3a59dbf2e90-150x150.jpg\" alt=\"\" width=\"150\" height=\"150\" srcset=\"https:\/\/www.slovackio.vilniausr.lm.lt\/wp-content\/uploads\/89a843a8-7693-4c5c-8eeb-e3a59dbf2e90-150x150.jpg 150w, https:\/\/www.slovackio.vilniausr.lm.lt\/wp-content\/uploads\/89a843a8-7693-4c5c-8eeb-e3a59dbf2e90-90x90.jpg 90w, https:\/\/www.slovackio.vilniausr.lm.lt\/wp-content\/uploads\/89a843a8-7693-4c5c-8eeb-e3a59dbf2e90-75x75.jpg 75w\" sizes=\"auto, (max-width: 150px) 100vw, 150px\" \/><\/a><a href=\"https:\/\/www.slovackio.vilniausr.lm.lt\/wp-content\/uploads\/03eec689-1394-41a9-9539-4eb80507f3b4.jpg\" rel=\"lightbox[34922]\"><img loading=\"lazy\" decoding=\"async\" class=\"alignleft size-thumbnail wp-image-34928\" src=\"https:\/\/www.slovackio.vilniausr.lm.lt\/wp-content\/uploads\/03eec689-1394-41a9-9539-4eb80507f3b4-150x150.jpg\" alt=\"\" width=\"150\" height=\"150\" srcset=\"https:\/\/www.slovackio.vilniausr.lm.lt\/wp-content\/uploads\/03eec689-1394-41a9-9539-4eb80507f3b4-150x150.jpg 150w, https:\/\/www.slovackio.vilniausr.lm.lt\/wp-content\/uploads\/03eec689-1394-41a9-9539-4eb80507f3b4-90x90.jpg 90w, https:\/\/www.slovackio.vilniausr.lm.lt\/wp-content\/uploads\/03eec689-1394-41a9-9539-4eb80507f3b4-75x75.jpg 75w\" sizes=\"auto, (max-width: 150px) 100vw, 150px\" \/><\/a> <a href=\"https:\/\/www.slovackio.vilniausr.lm.lt\/wp-content\/uploads\/f5e93988-ac65-4636-a916-ed8129417e40.jpg\" rel=\"lightbox[34922]\"><img loading=\"lazy\" decoding=\"async\" class=\"alignleft size-thumbnail wp-image-34929\" src=\"https:\/\/www.slovackio.vilniausr.lm.lt\/wp-content\/uploads\/f5e93988-ac65-4636-a916-ed8129417e40-150x150.jpg\" alt=\"\" width=\"150\" height=\"150\" srcset=\"https:\/\/www.slovackio.vilniausr.lm.lt\/wp-content\/uploads\/f5e93988-ac65-4636-a916-ed8129417e40-150x150.jpg 150w, https:\/\/www.slovackio.vilniausr.lm.lt\/wp-content\/uploads\/f5e93988-ac65-4636-a916-ed8129417e40-90x90.jpg 90w, https:\/\/www.slovackio.vilniausr.lm.lt\/wp-content\/uploads\/f5e93988-ac65-4636-a916-ed8129417e40-75x75.jpg 75w\" sizes=\"auto, (max-width: 150px) 100vw, 150px\" \/><\/a> <a href=\"https:\/\/www.slovackio.vilniausr.lm.lt\/wp-content\/uploads\/f95169e0-8e83-447d-ad31-25586abf78e7.jpg\" rel=\"lightbox[34922]\"><img loading=\"lazy\" decoding=\"async\" class=\"alignleft size-thumbnail wp-image-34930\" src=\"https:\/\/www.slovackio.vilniausr.lm.lt\/wp-content\/uploads\/f95169e0-8e83-447d-ad31-25586abf78e7-150x150.jpg\" alt=\"\" width=\"150\" height=\"150\" srcset=\"https:\/\/www.slovackio.vilniausr.lm.lt\/wp-content\/uploads\/f95169e0-8e83-447d-ad31-25586abf78e7-150x150.jpg 150w, https:\/\/www.slovackio.vilniausr.lm.lt\/wp-content\/uploads\/f95169e0-8e83-447d-ad31-25586abf78e7-90x90.jpg 90w, https:\/\/www.slovackio.vilniausr.lm.lt\/wp-content\/uploads\/f95169e0-8e83-447d-ad31-25586abf78e7-75x75.jpg 75w\" sizes=\"auto, (max-width: 150px) 100vw, 150px\" \/><\/a> <a href=\"https:\/\/www.slovackio.vilniausr.lm.lt\/wp-content\/uploads\/decb2646-d6ba-4012-8ef6-890c1d8a0015.jpg\" rel=\"lightbox[34922]\"><img loading=\"lazy\" decoding=\"async\" class=\"alignleft size-thumbnail wp-image-34931\" src=\"https:\/\/www.slovackio.vilniausr.lm.lt\/wp-content\/uploads\/decb2646-d6ba-4012-8ef6-890c1d8a0015-150x150.jpg\" alt=\"\" width=\"150\" height=\"150\" srcset=\"https:\/\/www.slovackio.vilniausr.lm.lt\/wp-content\/uploads\/decb2646-d6ba-4012-8ef6-890c1d8a0015-150x150.jpg 150w, https:\/\/www.slovackio.vilniausr.lm.lt\/wp-content\/uploads\/decb2646-d6ba-4012-8ef6-890c1d8a0015-90x90.jpg 90w, https:\/\/www.slovackio.vilniausr.lm.lt\/wp-content\/uploads\/decb2646-d6ba-4012-8ef6-890c1d8a0015-75x75.jpg 75w\" sizes=\"auto, (max-width: 150px) 100vw, 150px\" \/><\/a><a href=\"https:\/\/www.slovackio.vilniausr.lm.lt\/wp-content\/uploads\/22d6d2bc-e2f6-4739-9a27-873f6f4daf2f.jpg\" rel=\"lightbox[34922]\"><img loading=\"lazy\" decoding=\"async\" class=\"alignleft size-thumbnail wp-image-34944\" src=\"https:\/\/www.slovackio.vilniausr.lm.lt\/wp-content\/uploads\/22d6d2bc-e2f6-4739-9a27-873f6f4daf2f-150x150.jpg\" alt=\"\" width=\"150\" height=\"150\" srcset=\"https:\/\/www.slovackio.vilniausr.lm.lt\/wp-content\/uploads\/22d6d2bc-e2f6-4739-9a27-873f6f4daf2f-150x150.jpg 150w, https:\/\/www.slovackio.vilniausr.lm.lt\/wp-content\/uploads\/22d6d2bc-e2f6-4739-9a27-873f6f4daf2f-90x90.jpg 90w, https:\/\/www.slovackio.vilniausr.lm.lt\/wp-content\/uploads\/22d6d2bc-e2f6-4739-9a27-873f6f4daf2f-75x75.jpg 75w\" sizes=\"auto, (max-width: 150px) 100vw, 150px\" \/><\/a><a href=\"https:\/\/www.slovackio.vilniausr.lm.lt\/wp-content\/uploads\/91d2c01d-c384-43b1-ac89-59d204c5a0b4.jpg\" rel=\"lightbox[34922]\"><img loading=\"lazy\" decoding=\"async\" class=\"alignleft size-thumbnail wp-image-34932\" src=\"https:\/\/www.slovackio.vilniausr.lm.lt\/wp-content\/uploads\/91d2c01d-c384-43b1-ac89-59d204c5a0b4-150x150.jpg\" alt=\"\" width=\"150\" height=\"150\" srcset=\"https:\/\/www.slovackio.vilniausr.lm.lt\/wp-content\/uploads\/91d2c01d-c384-43b1-ac89-59d204c5a0b4-150x150.jpg 150w, https:\/\/www.slovackio.vilniausr.lm.lt\/wp-content\/uploads\/91d2c01d-c384-43b1-ac89-59d204c5a0b4-90x90.jpg 90w, https:\/\/www.slovackio.vilniausr.lm.lt\/wp-content\/uploads\/91d2c01d-c384-43b1-ac89-59d204c5a0b4-75x75.jpg 75w\" sizes=\"auto, (max-width: 150px) 100vw, 150px\" \/><\/a><a href=\"https:\/\/www.slovackio.vilniausr.lm.lt\/wp-content\/uploads\/d873048c-12ba-42fd-af05-69da69bc37cc.jpg\" rel=\"lightbox[34922]\"><img loading=\"lazy\" decoding=\"async\" class=\"alignleft size-thumbnail wp-image-34927\" src=\"https:\/\/www.slovackio.vilniausr.lm.lt\/wp-content\/uploads\/d873048c-12ba-42fd-af05-69da69bc37cc-150x150.jpg\" alt=\"\" width=\"150\" height=\"150\" srcset=\"https:\/\/www.slovackio.vilniausr.lm.lt\/wp-content\/uploads\/d873048c-12ba-42fd-af05-69da69bc37cc-150x150.jpg 150w, https:\/\/www.slovackio.vilniausr.lm.lt\/wp-content\/uploads\/d873048c-12ba-42fd-af05-69da69bc37cc-90x90.jpg 90w, https:\/\/www.slovackio.vilniausr.lm.lt\/wp-content\/uploads\/d873048c-12ba-42fd-af05-69da69bc37cc-75x75.jpg 75w\" sizes=\"auto, (max-width: 150px) 100vw, 150px\" \/><\/a><\/p>","protected":false},"excerpt":{"rendered":"<p>\u00a0Gimnazijoje prasmingai minimos Lietuvi\u0173 kalbos dienos. Jos prasid\u0117jo vasario m\u0117nes\u012f ir t\u0119sis iki kovo pabaigos, simboli\u0161kai sujungdamos dvi svarbias valstyb\u0117s \u0161ventes \u2013 Vasario 16-\u0105j\u0105 ir Kovo 11-\u0105j\u0105. \u0160iuo laikotarpiu mokyklos bendruomen\u0117 dalyvauja \u012fvairiose veiklose, kurios skatina puosel\u0117ti lietuvi\u0173 kalb\u0105, kult\u016br\u0105 ir pilieti\u0161kum\u0105. Jauniausieji 1\u20134 klasi\u0173 mokiniai dalyvavo meninio skaitymo konkurse \u201e\u017dodeliai i\u0161 ma\u017eos \u0161irdel\u0117s\u201c bei dailyra\u0161\u010dio konkurse \u201eDailioji plunksnel\u0117\u201c. Vyresnieji<\/p>\n","protected":false},"author":1,"featured_media":0,"comment_status":"closed","ping_status":"closed","sticky":false,"template":"","format":"standard","meta":{"_jetpack_memberships_contains_paid_content":false,"footnotes":"","jetpack_publicize_message":"","jetpack_publicize_feature_enabled":true,"jetpack_social_post_already_shared":false,"jetpack_social_options":{"image_generator_settings":{"template":"highway","default_image_id":0,"font":"","enabled":false},"version":2}},"categories":[1],"tags":[],"class_list":["post-34922","post","type-post","status-publish","format-standard","hentry","category-be-kategorijos"],"jetpack_publicize_connections":[],"jetpack_featured_media_url":"","jetpack_sharing_enabled":true,"_links":{"self":[{"href":"https:\/\/www.slovackio.vilniausr.lm.lt\/index.php?rest_route=\/wp\/v2\/posts\/34922","targetHints":{"allow":["GET"]}}],"collection":[{"href":"https:\/\/www.slovackio.vilniausr.lm.lt\/index.php?rest_route=\/wp\/v2\/posts"}],"about":[{"href":"https:\/\/www.slovackio.vilniausr.lm.lt\/index.php?rest_route=\/wp\/v2\/types\/post"}],"author":[{"embeddable":true,"href":"https:\/\/www.slovackio.vilniausr.lm.lt\/index.php?rest_route=\/wp\/v2\/users\/1"}],"replies":[{"embeddable":true,"href":"https:\/\/www.slovackio.vilniausr.lm.lt\/index.php?rest_route=%2Fwp%2Fv2%2Fcomments&post=34922"}],"version-history":[{"count":11,"href":"https:\/\/www.slovackio.vilniausr.lm.lt\/index.php?rest_route=\/wp\/v2\/posts\/34922\/revisions"}],"predecessor-version":[{"id":35280,"href":"https:\/\/www.slovackio.vilniausr.lm.lt\/index.php?rest_route=\/wp\/v2\/posts\/34922\/revisions\/35280"}],"wp:attachment":[{"href":"https:\/\/www.slovackio.vilniausr.lm.lt\/index.php?rest_route=%2Fwp%2Fv2%2Fmedia&parent=34922"}],"wp:term":[{"taxonomy":"category","embeddable":true,"href":"https:\/\/www.slovackio.vilniausr.lm.lt\/index.php?rest_route=%2Fwp%2Fv2%2Fcategories&post=34922"},{"taxonomy":"post_tag","embeddable":true,"href":"https:\/\/www.slovackio.vilniausr.lm.lt\/index.php?rest_route=%2Fwp%2Fv2%2Ftags&post=34922"}],"curies":[{"name":"wp","href":"https:\/\/api.w.org\/{rel}","templated":true}]}}