{"id":34898,"date":"2026-03-10T17:02:36","date_gmt":"2026-03-10T15:02:36","guid":{"rendered":"https:\/\/www.slovackio.vilniausr.lm.lt\/?p=34898"},"modified":"2026-04-20T20:31:41","modified_gmt":"2026-04-20T18:31:41","slug":"polski-11-marca-1990-dzien-odrodzenia-niepodleglosci-litwy-w-naszym-gimnazjum","status":"publish","type":"post","link":"https:\/\/www.slovackio.vilniausr.lm.lt\/?p=34898","title":{"rendered":"1990 m. kovo 11-oji \u2013 Lietuvos nepriklausomyb\u0117s atk\u016brimo diena m\u016bs\u0173 gimnazijoje"},"content":{"rendered":"<p><\/p>\n<p lang=\"en-US\" align=\"justify\"><span style=\"font-family: Times New Roman, serif;\"><span style=\"font-size: medium;\"><span lang=\"lt-LT\"><a href=\"https:\/\/www.slovackio.vilniausr.lm.lt\/wp-content\/uploads\/kovo-11-d.jpeg\" rel=\"lightbox[34898]\"><img loading=\"lazy\" decoding=\"async\" class=\"alignleft size-thumbnail wp-image-34911\" src=\"https:\/\/www.slovackio.vilniausr.lm.lt\/wp-content\/uploads\/kovo-11-d-150x150.jpeg\" alt=\"\" width=\"150\" height=\"150\" srcset=\"https:\/\/www.slovackio.vilniausr.lm.lt\/wp-content\/uploads\/kovo-11-d-150x150.jpeg 150w, https:\/\/www.slovackio.vilniausr.lm.lt\/wp-content\/uploads\/kovo-11-d-90x90.jpeg 90w, https:\/\/www.slovackio.vilniausr.lm.lt\/wp-content\/uploads\/kovo-11-d-75x75.jpeg 75w\" sizes=\"auto, (max-width: 150px) 100vw, 150px\" \/><\/a>Kovo 11 dien\u0105 m\u016bs\u0173 gimnazijoje vyko \u0161ventinis renginys, skirtas Lietuvos Nepriklausomyb\u0117s Atk\u016brimo Dienai. Tai viena svarbiausi\u0173 valstybini\u0173 \u0161ven\u010di\u0173 Lietuvoje, primenanti apie 1990 metais paskelbt\u0105 Lietuvos nepriklausomyb\u0119. Tai buvo puiki proga kartu prisiminti m\u016bs\u0173 \u0161alies istorij\u0105 ir i\u0161reik\u0161ti meil\u0119 t\u0117vynei per muzik\u0105, \u0161ok\u012f ir poezij\u0105.<\/span><\/span><\/span><\/p>\n<p lang=\"en-US\" align=\"justify\"><span style=\"font-family: Times New Roman, serif;\"><span style=\"font-size: medium;\"><span lang=\"lt-LT\">Renginys prasid\u0117jo bendru Lietuvos himno giedojimu. V\u0117liau scenoje pasirod\u0117 patys jauniausi mokiniai. 1\u20132 klasi\u0173 choras atliko dainas \u201eTen ir a\u0161\u201c ir \u201eMano Lietuva\u201c. Po j\u0173 3\u20134 klasi\u0173 choras atliko k\u016brinius \u201eVienas \u017eodis\u201c ir \u201eNupie\u0161iu Lietuv\u0105\u201c. Svarbi programos dalis buvo A. Dubickos ir W. Yermolinos parengta prezentacija \u201eLietuvos nepriklausomyb\u0117s atk\u016brimas\u201c, kurioje mokiniai primin\u0117 svarbiausius \u012fvykius, susijusius su Lietuvos laisv\u0117s atgavimu. \u0160vent\u0117s metu skamb\u0117jo ir poezija. Mokiniai deklamavo eil\u0117ra\u0161\u010dius apie Lietuv\u0105, 4 klas\u0117s mokiniai pristat\u0117 \u0161ok\u012f, kuris buvo labai \u0161iltai sutiktas \u017ei\u016brov\u0173. Renginio pabaigoje 1\u20133 klasi\u0173 mokiniai atliko linksm\u0105 \u0161ok\u012f, kuris tapo gra\u017eia visos \u0161vent\u0117s pabaiga.<\/span><\/span><\/span><\/p>\n<p lang=\"en-US\" align=\"justify\"><span style=\"font-family: Times New Roman, serif;\"><span style=\"font-size: medium;\"><span lang=\"lt-LT\">D\u0117kojame visiems mokiniams ir mokytojams u\u017e \u0161io ypatingo renginio parengim\u0105. Tokie renginiai padeda geriau pa\u017einti m\u016bs\u0173 \u0161alies istorij\u0105 ir puosel\u0117ti patriotines vertybes.<\/span><\/span><\/span><\/p>\n<p style=\"text-align: right;\" align=\"justify\"><span style=\"font-family: Times New Roman, serif;\"><span style=\"font-size: medium;\"><span lang=\"en-US\">Istorijos mokytoja Lilija Gajevska<\/span><\/span><\/span><\/p>\n<p align=\"justify\"><a href=\"https:\/\/www.slovackio.vilniausr.lm.lt\/wp-content\/uploads\/2-kovo-11-d.jpeg\" rel=\"lightbox[34898]\"><img loading=\"lazy\" decoding=\"async\" class=\"alignleft size-thumbnail wp-image-34906\" src=\"https:\/\/www.slovackio.vilniausr.lm.lt\/wp-content\/uploads\/2-kovo-11-d-150x150.jpeg\" alt=\"\" width=\"150\" height=\"150\" srcset=\"https:\/\/www.slovackio.vilniausr.lm.lt\/wp-content\/uploads\/2-kovo-11-d-150x150.jpeg 150w, https:\/\/www.slovackio.vilniausr.lm.lt\/wp-content\/uploads\/2-kovo-11-d-90x90.jpeg 90w, https:\/\/www.slovackio.vilniausr.lm.lt\/wp-content\/uploads\/2-kovo-11-d-75x75.jpeg 75w\" sizes=\"auto, (max-width: 150px) 100vw, 150px\" \/><\/a><a href=\"https:\/\/www.slovackio.vilniausr.lm.lt\/wp-content\/uploads\/3-kovo-11-d.jpeg\" rel=\"lightbox[34898]\"><img loading=\"lazy\" decoding=\"async\" class=\"alignleft size-thumbnail wp-image-34905\" src=\"https:\/\/www.slovackio.vilniausr.lm.lt\/wp-content\/uploads\/3-kovo-11-d-150x150.jpeg\" alt=\"\" width=\"150\" height=\"150\" srcset=\"https:\/\/www.slovackio.vilniausr.lm.lt\/wp-content\/uploads\/3-kovo-11-d-150x150.jpeg 150w, https:\/\/www.slovackio.vilniausr.lm.lt\/wp-content\/uploads\/3-kovo-11-d-90x90.jpeg 90w, https:\/\/www.slovackio.vilniausr.lm.lt\/wp-content\/uploads\/3-kovo-11-d-75x75.jpeg 75w\" sizes=\"auto, (max-width: 150px) 100vw, 150px\" \/><\/a><a href=\"https:\/\/www.slovackio.vilniausr.lm.lt\/wp-content\/uploads\/4kovo-11-d.jpeg\" rel=\"lightbox[34898]\"><img loading=\"lazy\" decoding=\"async\" class=\"alignleft size-thumbnail wp-image-34904\" src=\"https:\/\/www.slovackio.vilniausr.lm.lt\/wp-content\/uploads\/4kovo-11-d-150x150.jpeg\" alt=\"\" width=\"150\" height=\"150\" srcset=\"https:\/\/www.slovackio.vilniausr.lm.lt\/wp-content\/uploads\/4kovo-11-d-150x150.jpeg 150w, https:\/\/www.slovackio.vilniausr.lm.lt\/wp-content\/uploads\/4kovo-11-d-90x90.jpeg 90w, https:\/\/www.slovackio.vilniausr.lm.lt\/wp-content\/uploads\/4kovo-11-d-75x75.jpeg 75w\" sizes=\"auto, (max-width: 150px) 100vw, 150px\" \/><\/a><a href=\"https:\/\/www.slovackio.vilniausr.lm.lt\/wp-content\/uploads\/5-kovo-11-d.jpeg\" rel=\"lightbox[34898]\"><img loading=\"lazy\" decoding=\"async\" class=\"alignleft size-thumbnail wp-image-34903\" src=\"https:\/\/www.slovackio.vilniausr.lm.lt\/wp-content\/uploads\/5-kovo-11-d-150x150.jpeg\" alt=\"\" width=\"150\" height=\"150\" srcset=\"https:\/\/www.slovackio.vilniausr.lm.lt\/wp-content\/uploads\/5-kovo-11-d-150x150.jpeg 150w, https:\/\/www.slovackio.vilniausr.lm.lt\/wp-content\/uploads\/5-kovo-11-d-90x90.jpeg 90w, https:\/\/www.slovackio.vilniausr.lm.lt\/wp-content\/uploads\/5-kovo-11-d-75x75.jpeg 75w\" sizes=\"auto, (max-width: 150px) 100vw, 150px\" \/><\/a><a href=\"https:\/\/www.slovackio.vilniausr.lm.lt\/wp-content\/uploads\/6-kovo-11-d.jpeg\" rel=\"lightbox[34898]\"><img loading=\"lazy\" decoding=\"async\" class=\"alignleft size-thumbnail wp-image-34902\" src=\"https:\/\/www.slovackio.vilniausr.lm.lt\/wp-content\/uploads\/6-kovo-11-d-150x150.jpeg\" alt=\"\" width=\"150\" height=\"150\" srcset=\"https:\/\/www.slovackio.vilniausr.lm.lt\/wp-content\/uploads\/6-kovo-11-d-150x150.jpeg 150w, https:\/\/www.slovackio.vilniausr.lm.lt\/wp-content\/uploads\/6-kovo-11-d-90x90.jpeg 90w, https:\/\/www.slovackio.vilniausr.lm.lt\/wp-content\/uploads\/6-kovo-11-d-75x75.jpeg 75w\" sizes=\"auto, (max-width: 150px) 100vw, 150px\" \/><\/a><a href=\"https:\/\/www.slovackio.vilniausr.lm.lt\/wp-content\/uploads\/7-kovo-11-d.jpeg\" rel=\"lightbox[34898]\"><img loading=\"lazy\" decoding=\"async\" class=\"alignleft size-thumbnail wp-image-34901\" src=\"https:\/\/www.slovackio.vilniausr.lm.lt\/wp-content\/uploads\/7-kovo-11-d-150x150.jpeg\" alt=\"\" width=\"150\" height=\"150\" srcset=\"https:\/\/www.slovackio.vilniausr.lm.lt\/wp-content\/uploads\/7-kovo-11-d-150x150.jpeg 150w, https:\/\/www.slovackio.vilniausr.lm.lt\/wp-content\/uploads\/7-kovo-11-d-90x90.jpeg 90w, https:\/\/www.slovackio.vilniausr.lm.lt\/wp-content\/uploads\/7-kovo-11-d-75x75.jpeg 75w\" sizes=\"auto, (max-width: 150px) 100vw, 150px\" \/><\/a><\/p>\n<p><\/p>","protected":false},"excerpt":{"rendered":"<p>Kovo 11 dien\u0105 m\u016bs\u0173 gimnazijoje vyko \u0161ventinis renginys, skirtas Lietuvos Nepriklausomyb\u0117s Atk\u016brimo Dienai. Tai viena svarbiausi\u0173 valstybini\u0173 \u0161ven\u010di\u0173 Lietuvoje, primenanti apie 1990 metais paskelbt\u0105 Lietuvos nepriklausomyb\u0119. Tai buvo puiki proga kartu prisiminti m\u016bs\u0173 \u0161alies istorij\u0105 ir i\u0161reik\u0161ti meil\u0119 t\u0117vynei per muzik\u0105, \u0161ok\u012f ir poezij\u0105. Renginys prasid\u0117jo bendru Lietuvos himno giedojimu. V\u0117liau scenoje pasirod\u0117 patys jauniausi mokiniai. 1\u20132 klasi\u0173 choras atliko<\/p>\n","protected":false},"author":1,"featured_media":0,"comment_status":"closed","ping_status":"closed","sticky":false,"template":"","format":"standard","meta":{"_jetpack_memberships_contains_paid_content":false,"footnotes":"","jetpack_publicize_message":"","jetpack_publicize_feature_enabled":true,"jetpack_social_post_already_shared":false,"jetpack_social_options":{"image_generator_settings":{"template":"highway","default_image_id":0,"font":"","enabled":false},"version":2}},"categories":[1],"tags":[],"class_list":["post-34898","post","type-post","status-publish","format-standard","hentry","category-be-kategorijos"],"jetpack_publicize_connections":[],"jetpack_featured_media_url":"","jetpack_sharing_enabled":true,"_links":{"self":[{"href":"https:\/\/www.slovackio.vilniausr.lm.lt\/index.php?rest_route=\/wp\/v2\/posts\/34898","targetHints":{"allow":["GET"]}}],"collection":[{"href":"https:\/\/www.slovackio.vilniausr.lm.lt\/index.php?rest_route=\/wp\/v2\/posts"}],"about":[{"href":"https:\/\/www.slovackio.vilniausr.lm.lt\/index.php?rest_route=\/wp\/v2\/types\/post"}],"author":[{"embeddable":true,"href":"https:\/\/www.slovackio.vilniausr.lm.lt\/index.php?rest_route=\/wp\/v2\/users\/1"}],"replies":[{"embeddable":true,"href":"https:\/\/www.slovackio.vilniausr.lm.lt\/index.php?rest_route=%2Fwp%2Fv2%2Fcomments&post=34898"}],"version-history":[{"count":13,"href":"https:\/\/www.slovackio.vilniausr.lm.lt\/index.php?rest_route=\/wp\/v2\/posts\/34898\/revisions"}],"predecessor-version":[{"id":35282,"href":"https:\/\/www.slovackio.vilniausr.lm.lt\/index.php?rest_route=\/wp\/v2\/posts\/34898\/revisions\/35282"}],"wp:attachment":[{"href":"https:\/\/www.slovackio.vilniausr.lm.lt\/index.php?rest_route=%2Fwp%2Fv2%2Fmedia&parent=34898"}],"wp:term":[{"taxonomy":"category","embeddable":true,"href":"https:\/\/www.slovackio.vilniausr.lm.lt\/index.php?rest_route=%2Fwp%2Fv2%2Fcategories&post=34898"},{"taxonomy":"post_tag","embeddable":true,"href":"https:\/\/www.slovackio.vilniausr.lm.lt\/index.php?rest_route=%2Fwp%2Fv2%2Ftags&post=34898"}],"curies":[{"name":"wp","href":"https:\/\/api.w.org\/{rel}","templated":true}]}}